{"id":22255,"date":"2026-04-29T12:47:37","date_gmt":"2026-04-29T10:47:37","guid":{"rendered":"https:\/\/hermanasoblatas.org\/?p=22255"},"modified":"2026-04-29T12:47:37","modified_gmt":"2026-04-29T10:47:37","slug":"uncion-memoria-y-carisma-las-comunidades-de-proyectos-se-reunen-en-madrid-para-impulsar-su-caminar","status":"publish","type":"post","link":"https:\/\/hermanasoblatas.org\/pt-pt\/noticias-pt-pt\/uncion-memoria-y-carisma-las-comunidades-de-proyectos-se-reunen-en-madrid-para-impulsar-su-caminar","title":{"rendered":"Unci\u00f3n, memoria y carisma: las comunidades de proyectos se re\u00fanen en Madrid para impulsar su caminar"},"content":{"rendered":"<p style=\"text-align: justify;\">Entre los d\u00edas 24 y 26 de abril, las hermanas que forman parte de las <span style=\"color: #800080;\"><strong>comunidades de proyectos de la Provincia Europa de las Hermanas\u00a0 Oblatas<\/strong><\/span> se han dado cita en Madrid. Este encuentro ha nacido con una vocaci\u00f3n clara. Dar continuidad al proceso de discernimiento conjunto, fortalecer el di\u00e1logo y proyectar los pasos y cambios necesarios para seguir siendo respuestas vivas en nuestra misi\u00f3n compartida.<\/p>\n<p style=\"text-align: justify;\">Para mirar hacia el futuro con audacia, primero es necesario hacer una pausa y mirar hacia adentro. Durante estas jornadas, las hermanas han compartido espacios de <span style=\"color: #800080;\"><strong>profunda reflexi\u00f3n.<\/strong><\/span> Han hecho memoria agradecida de todo el camino recorrido hasta hoy.<\/p>\n<p style=\"text-align: justify;\">Reconocer juntas las fortalezas que sostienen el d\u00eda a d\u00eda y poner en palabras aquello que da verdadero sentido a la misi\u00f3n han sido los pilares fundamentales de este encuentro. Solo desde esa ra\u00edz compartida es posible seguir construyendo comunidades prof\u00e9ticas, capaces de adaptarse a los nuevos tiempos sin perder su esencia.<\/p>\n<h3 style=\"text-align: justify;\"><span style=\"color: #800080;\"><strong>El perfume del amor oblativo<\/strong><\/span><\/h3>\n<p style=\"text-align: justify;\">Uno de los momentos m\u00e1s enriquecedores de estos d\u00edas ha venido de la mano de <span style=\"color: #800080;\"><strong>Marta Garc\u00eda, hermana de Nuestra Se\u00f1ora de la Consolaci\u00f3n.<\/strong><\/span> Marta ha guiado un profundo espacio de b\u00fasqueda e interpelaci\u00f3n personal y comunitaria.<\/p>\n<p style=\"text-align: justify;\">El hilo conductor de esta reflexi\u00f3n ha sido el pasaje evang\u00e9lico de la mujer del perfume (Mc 14, 3-9). Una figura inspiradora que irrumpe con valent\u00eda, libre de los juicios ajenos, para entregar lo mejor que tiene. Su gesto, desbordante de amor y entrega incondicional, es el reflejo perfecto de lo que significa nuestra vocaci\u00f3n: una entrega verdaderamente <em>oblativa<\/em>.<\/p>\n<h3 style=\"text-align: justify;\"><span style=\"color: #800080;\"><strong>Fieles a la escucha bajo el Buen Consejo<\/strong><\/span><\/h3>\n<p style=\"text-align: justify;\">El encuentro no pod\u00eda tener un mejor inicio ni un mejor cierre. Las jornadas comenzaron compartiendo la Eucarist\u00eda junto a las hermanas de las comunidades de Madrid en la Capilla de Nuestra Se\u00f1ora del Buen Consejo. All\u00ed, bajo la mirada de la Virgen, se renov\u00f3 la invitaci\u00f3n a mantener una actitud de &#8220;escucha fiel&#8221;. La misma que guio los pasos de Madre Antonia en los inicios de la congregaci\u00f3n.<\/p>\n<p style=\"text-align: justify;\">Como broche de oro, la clausura del encuentro coincidi\u00f3 con la alegr\u00eda de celebrar juntas <span style=\"color: #800080;\"><strong>la gran fiesta de la Provincia,<\/strong> <\/span>sintiendo con m\u00e1s fuerza que nunca la comuni\u00f3n de toda la Familia Oblata.<\/p>\n<p style=\"text-align: justify;\">Volver a los proyectos tras estos d\u00edas de fraternidad nos recuerda que nuestro verdadero env\u00edo es custodiar aquello que perdura: nuestro carisma. Salimos con el coraz\u00f3n renovado, dispuestas a seguir siendo transmisoras de ese gesto de amor desbordante que dignifica, acoge y transforma la vida de las mujeres.<\/p>\n","protected":false},"excerpt":{"rendered":"<p>Entre los d\u00edas 24 y 26 de abril, las hermanas que forman parte de las comunidades de proyectos de la Provincia Europa de las Hermanas\u00a0 Oblatas se han dado cita en Madrid. Este encuentro ha nacido con una vocaci\u00f3n clara. Dar continuidad al proceso de discernimiento conjunto, fortalecer el di\u00e1logo y proyectar los pasos y &hellip; <a href=\"https:\/\/hermanasoblatas.org\/pt-pt\/noticias-pt-pt\/uncion-memoria-y-carisma-las-comunidades-de-proyectos-se-reunen-en-madrid-para-impulsar-su-caminar\" class=\"more-link\">Continue lendo<span class=\"screen-reader-text\"> &#8220;Unci\u00f3n, memoria y carisma: las comunidades de proyectos se re\u00fanen en Madrid para impulsar su caminar&#8221;<\/span><\/a><\/p>\n","protected":false},"author":3,"featured_media":22251,"comment_status":"open","ping_status":"closed","sticky":false,"template":"","format":"standard","meta":{"_acf_changed":false,"om_disable_all_campaigns":false,"_monsterinsights_skip_tracking":false,"_monsterinsights_sitenote_active":false,"_monsterinsights_sitenote_note":"","_monsterinsights_sitenote_category":0,"footnotes":""},"categories":[27],"tags":[],"class_list":["post-22255","post","type-post","status-publish","format-standard","has-post-thumbnail","hentry","category-noticias-pt-pt"],"acf":[],"yoast_head":"<!-- This site is optimized with the Yoast SEO plugin v27.3 - https:\/\/yoast.com\/product\/yoast-seo-wordpress\/ -->\n<title>Unci\u00f3n, memoria y carisma: las comunidades de proyectos se re\u00fanen en Madrid para impulsar su caminar - Hermanas Oblatas<\/title>\n<meta name=\"description\" content=\"En estos d\u00edas de abril, las Hermanas Oblatas de las comunidades de proyectos de la Provincia Europa se han dado cita en Madrid.\" \/>\n<meta name=\"robots\" content=\"index, follow, max-snippet:-1, max-image-preview:large, max-video-preview:-1\" \/>\n<link rel=\"canonical\" href=\"https:\/\/hermanasoblatas.org\/pt-pt\/noticias-pt-pt\/uncion-memoria-y-carisma-las-comunidades-de-proyectos-se-reunen-en-madrid-para-impulsar-su-caminar\" \/>\n<meta property=\"og:locale\" content=\"pt_PT\" \/>\n<meta property=\"og:type\" content=\"article\" \/>\n<meta property=\"og:title\" content=\"Unci\u00f3n, memoria y carisma: las comunidades de proyectos se re\u00fanen en Madrid para impulsar su caminar - Hermanas Oblatas\" \/>\n<meta property=\"og:description\" content=\"En estos d\u00edas de abril, las Hermanas Oblatas de las comunidades de proyectos de la Provincia Europa se han dado cita en Madrid.\" \/>\n<meta property=\"og:url\" content=\"https:\/\/hermanasoblatas.org\/pt-pt\/noticias-pt-pt\/uncion-memoria-y-carisma-las-comunidades-de-proyectos-se-reunen-en-madrid-para-impulsar-su-caminar\" \/>\n<meta property=\"og:site_name\" content=\"Hermanas Oblatas\" \/>\n<meta property=\"article:published_time\" content=\"2026-04-29T10:47:37+00:00\" \/>\n<meta property=\"og:image\" content=\"https:\/\/hermanasoblatas.org\/wp-content\/uploads\/2026\/04\/683437906_957909947151095_7607213753742726690_n.jpg\" \/>\n\t<meta property=\"og:image:width\" content=\"1703\" \/>\n\t<meta property=\"og:image:height\" content=\"1183\" \/>\n\t<meta property=\"og:image:type\" content=\"image\/jpeg\" \/>\n<meta name=\"author\" content=\"admin\" \/>\n<meta name=\"twitter:card\" content=\"summary_large_image\" \/>\n<meta name=\"twitter:label1\" content=\"Escrito por\" \/>\n\t<meta name=\"twitter:data1\" content=\"admin\" \/>\n\t<meta name=\"twitter:label2\" content=\"Tempo estimado de leitura\" \/>\n\t<meta name=\"twitter:data2\" content=\"2 minutos\" \/>\n<script type=\"application\/ld+json\" class=\"yoast-schema-graph\">{\"@context\":\"https:\\\/\\\/schema.org\",\"@graph\":[{\"@type\":\"Article\",\"@id\":\"https:\\\/\\\/hermanasoblatas.org\\\/pt-pt\\\/noticias-pt-pt\\\/uncion-memoria-y-carisma-las-comunidades-de-proyectos-se-reunen-en-madrid-para-impulsar-su-caminar#article\",\"isPartOf\":{\"@id\":\"https:\\\/\\\/hermanasoblatas.org\\\/pt-pt\\\/noticias-pt-pt\\\/uncion-memoria-y-carisma-las-comunidades-de-proyectos-se-reunen-en-madrid-para-impulsar-su-caminar\"},\"author\":{\"name\":\"admin\",\"@id\":\"https:\\\/\\\/hermanasoblatas.org\\\/#\\\/schema\\\/person\\\/575a2ddad9df4c48d715a138f206ce09\"},\"headline\":\"Unci\u00f3n, memoria y carisma: las comunidades de proyectos se re\u00fanen en Madrid para impulsar su caminar\",\"datePublished\":\"2026-04-29T10:47:37+00:00\",\"mainEntityOfPage\":{\"@id\":\"https:\\\/\\\/hermanasoblatas.org\\\/pt-pt\\\/noticias-pt-pt\\\/uncion-memoria-y-carisma-las-comunidades-de-proyectos-se-reunen-en-madrid-para-impulsar-su-caminar\"},\"wordCount\":464,\"commentCount\":0,\"image\":{\"@id\":\"https:\\\/\\\/hermanasoblatas.org\\\/pt-pt\\\/noticias-pt-pt\\\/uncion-memoria-y-carisma-las-comunidades-de-proyectos-se-reunen-en-madrid-para-impulsar-su-caminar#primaryimage\"},\"thumbnailUrl\":\"https:\\\/\\\/hermanasoblatas.org\\\/wp-content\\\/uploads\\\/2026\\\/04\\\/683437906_957909947151095_7607213753742726690_n.jpg\",\"articleSection\":[\"Not\u00edcias\"],\"inLanguage\":\"pt-PT\",\"potentialAction\":[{\"@type\":\"CommentAction\",\"name\":\"Comment\",\"target\":[\"https:\\\/\\\/hermanasoblatas.org\\\/pt-pt\\\/noticias-pt-pt\\\/uncion-memoria-y-carisma-las-comunidades-de-proyectos-se-reunen-en-madrid-para-impulsar-su-caminar#respond\"]}]},{\"@type\":\"WebPage\",\"@id\":\"https:\\\/\\\/hermanasoblatas.org\\\/pt-pt\\\/noticias-pt-pt\\\/uncion-memoria-y-carisma-las-comunidades-de-proyectos-se-reunen-en-madrid-para-impulsar-su-caminar\",\"url\":\"https:\\\/\\\/hermanasoblatas.org\\\/pt-pt\\\/noticias-pt-pt\\\/uncion-memoria-y-carisma-las-comunidades-de-proyectos-se-reunen-en-madrid-para-impulsar-su-caminar\",\"name\":\"Unci\u00f3n, memoria y carisma: las comunidades de proyectos se re\u00fanen en Madrid para impulsar su caminar - Hermanas Oblatas\",\"isPartOf\":{\"@id\":\"https:\\\/\\\/hermanasoblatas.org\\\/#website\"},\"primaryImageOfPage\":{\"@id\":\"https:\\\/\\\/hermanasoblatas.org\\\/pt-pt\\\/noticias-pt-pt\\\/uncion-memoria-y-carisma-las-comunidades-de-proyectos-se-reunen-en-madrid-para-impulsar-su-caminar#primaryimage\"},\"image\":{\"@id\":\"https:\\\/\\\/hermanasoblatas.org\\\/pt-pt\\\/noticias-pt-pt\\\/uncion-memoria-y-carisma-las-comunidades-de-proyectos-se-reunen-en-madrid-para-impulsar-su-caminar#primaryimage\"},\"thumbnailUrl\":\"https:\\\/\\\/hermanasoblatas.org\\\/wp-content\\\/uploads\\\/2026\\\/04\\\/683437906_957909947151095_7607213753742726690_n.jpg\",\"datePublished\":\"2026-04-29T10:47:37+00:00\",\"author\":{\"@id\":\"https:\\\/\\\/hermanasoblatas.org\\\/#\\\/schema\\\/person\\\/575a2ddad9df4c48d715a138f206ce09\"},\"description\":\"En estos d\u00edas de abril, las Hermanas Oblatas de las comunidades de proyectos de la Provincia Europa se han dado cita en Madrid.\",\"breadcrumb\":{\"@id\":\"https:\\\/\\\/hermanasoblatas.org\\\/pt-pt\\\/noticias-pt-pt\\\/uncion-memoria-y-carisma-las-comunidades-de-proyectos-se-reunen-en-madrid-para-impulsar-su-caminar#breadcrumb\"},\"inLanguage\":\"pt-PT\",\"potentialAction\":[{\"@type\":\"ReadAction\",\"target\":[\"https:\\\/\\\/hermanasoblatas.org\\\/pt-pt\\\/noticias-pt-pt\\\/uncion-memoria-y-carisma-las-comunidades-de-proyectos-se-reunen-en-madrid-para-impulsar-su-caminar\"]}]},{\"@type\":\"ImageObject\",\"inLanguage\":\"pt-PT\",\"@id\":\"https:\\\/\\\/hermanasoblatas.org\\\/pt-pt\\\/noticias-pt-pt\\\/uncion-memoria-y-carisma-las-comunidades-de-proyectos-se-reunen-en-madrid-para-impulsar-su-caminar#primaryimage\",\"url\":\"https:\\\/\\\/hermanasoblatas.org\\\/wp-content\\\/uploads\\\/2026\\\/04\\\/683437906_957909947151095_7607213753742726690_n.jpg\",\"contentUrl\":\"https:\\\/\\\/hermanasoblatas.org\\\/wp-content\\\/uploads\\\/2026\\\/04\\\/683437906_957909947151095_7607213753742726690_n.jpg\",\"width\":1703,\"height\":1183},{\"@type\":\"BreadcrumbList\",\"@id\":\"https:\\\/\\\/hermanasoblatas.org\\\/pt-pt\\\/noticias-pt-pt\\\/uncion-memoria-y-carisma-las-comunidades-de-proyectos-se-reunen-en-madrid-para-impulsar-su-caminar#breadcrumb\",\"itemListElement\":[{\"@type\":\"ListItem\",\"position\":1,\"name\":\"Home\",\"item\":\"https:\\\/\\\/hermanasoblatas.org\\\/pt-pt\"},{\"@type\":\"ListItem\",\"position\":2,\"name\":\"Unci\u00f3n, memoria y carisma: las comunidades de proyectos se re\u00fanen en Madrid para impulsar su caminar\"}]},{\"@type\":\"WebSite\",\"@id\":\"https:\\\/\\\/hermanasoblatas.org\\\/#website\",\"url\":\"https:\\\/\\\/hermanasoblatas.org\\\/\",\"name\":\"Hermanas Oblatas\",\"description\":\"Hermanas Oblatas del Sant\u00edsimo Redentor\",\"potentialAction\":[{\"@type\":\"SearchAction\",\"target\":{\"@type\":\"EntryPoint\",\"urlTemplate\":\"https:\\\/\\\/hermanasoblatas.org\\\/?s={search_term_string}\"},\"query-input\":{\"@type\":\"PropertyValueSpecification\",\"valueRequired\":true,\"valueName\":\"search_term_string\"}}],\"inLanguage\":\"pt-PT\"},{\"@type\":\"Person\",\"@id\":\"https:\\\/\\\/hermanasoblatas.org\\\/#\\\/schema\\\/person\\\/575a2ddad9df4c48d715a138f206ce09\",\"name\":\"admin\",\"image\":{\"@type\":\"ImageObject\",\"inLanguage\":\"pt-PT\",\"@id\":\"https:\\\/\\\/secure.gravatar.com\\\/avatar\\\/c8707c819de8f87379e9ced2868678d9f2808775198756df55dfa3a005cab706?s=96&d=mm&r=g\",\"url\":\"https:\\\/\\\/secure.gravatar.com\\\/avatar\\\/c8707c819de8f87379e9ced2868678d9f2808775198756df55dfa3a005cab706?s=96&d=mm&r=g\",\"contentUrl\":\"https:\\\/\\\/secure.gravatar.com\\\/avatar\\\/c8707c819de8f87379e9ced2868678d9f2808775198756df55dfa3a005cab706?s=96&d=mm&r=g\",\"caption\":\"admin\"},\"url\":\"https:\\\/\\\/hermanasoblatas.org\\\/pt-pt\\\/author\\\/admin\"}]}<\/script>\n<!-- \/ Yoast SEO plugin. -->","yoast_head_json":{"title":"Unci\u00f3n, memoria y carisma: las comunidades de proyectos se re\u00fanen en Madrid para impulsar su caminar - Hermanas Oblatas","description":"En estos d\u00edas de abril, las Hermanas Oblatas de las comunidades de proyectos de la Provincia Europa se han dado cita en Madrid.","robots":{"index":"index","follow":"follow","max-snippet":"max-snippet:-1","max-image-preview":"max-image-preview:large","max-video-preview":"max-video-preview:-1"},"canonical":"https:\/\/hermanasoblatas.org\/pt-pt\/noticias-pt-pt\/uncion-memoria-y-carisma-las-comunidades-de-proyectos-se-reunen-en-madrid-para-impulsar-su-caminar","og_locale":"pt_PT","og_type":"article","og_title":"Unci\u00f3n, memoria y carisma: las comunidades de proyectos se re\u00fanen en Madrid para impulsar su caminar - Hermanas Oblatas","og_description":"En estos d\u00edas de abril, las Hermanas Oblatas de las comunidades de proyectos de la Provincia Europa se han dado cita en Madrid.","og_url":"https:\/\/hermanasoblatas.org\/pt-pt\/noticias-pt-pt\/uncion-memoria-y-carisma-las-comunidades-de-proyectos-se-reunen-en-madrid-para-impulsar-su-caminar","og_site_name":"Hermanas Oblatas","article_published_time":"2026-04-29T10:47:37+00:00","og_image":[{"width":1703,"height":1183,"url":"https:\/\/hermanasoblatas.org\/wp-content\/uploads\/2026\/04\/683437906_957909947151095_7607213753742726690_n.jpg","type":"image\/jpeg"}],"author":"admin","twitter_card":"summary_large_image","twitter_misc":{"Escrito por":"admin","Tempo estimado de leitura":"2 minutos"},"schema":{"@context":"https:\/\/schema.org","@graph":[{"@type":"Article","@id":"https:\/\/hermanasoblatas.org\/pt-pt\/noticias-pt-pt\/uncion-memoria-y-carisma-las-comunidades-de-proyectos-se-reunen-en-madrid-para-impulsar-su-caminar#article","isPartOf":{"@id":"https:\/\/hermanasoblatas.org\/pt-pt\/noticias-pt-pt\/uncion-memoria-y-carisma-las-comunidades-de-proyectos-se-reunen-en-madrid-para-impulsar-su-caminar"},"author":{"name":"admin","@id":"https:\/\/hermanasoblatas.org\/#\/schema\/person\/575a2ddad9df4c48d715a138f206ce09"},"headline":"Unci\u00f3n, memoria y carisma: las comunidades de proyectos se re\u00fanen en Madrid para impulsar su caminar","datePublished":"2026-04-29T10:47:37+00:00","mainEntityOfPage":{"@id":"https:\/\/hermanasoblatas.org\/pt-pt\/noticias-pt-pt\/uncion-memoria-y-carisma-las-comunidades-de-proyectos-se-reunen-en-madrid-para-impulsar-su-caminar"},"wordCount":464,"commentCount":0,"image":{"@id":"https:\/\/hermanasoblatas.org\/pt-pt\/noticias-pt-pt\/uncion-memoria-y-carisma-las-comunidades-de-proyectos-se-reunen-en-madrid-para-impulsar-su-caminar#primaryimage"},"thumbnailUrl":"https:\/\/hermanasoblatas.org\/wp-content\/uploads\/2026\/04\/683437906_957909947151095_7607213753742726690_n.jpg","articleSection":["Not\u00edcias"],"inLanguage":"pt-PT","potentialAction":[{"@type":"CommentAction","name":"Comment","target":["https:\/\/hermanasoblatas.org\/pt-pt\/noticias-pt-pt\/uncion-memoria-y-carisma-las-comunidades-de-proyectos-se-reunen-en-madrid-para-impulsar-su-caminar#respond"]}]},{"@type":"WebPage","@id":"https:\/\/hermanasoblatas.org\/pt-pt\/noticias-pt-pt\/uncion-memoria-y-carisma-las-comunidades-de-proyectos-se-reunen-en-madrid-para-impulsar-su-caminar","url":"https:\/\/hermanasoblatas.org\/pt-pt\/noticias-pt-pt\/uncion-memoria-y-carisma-las-comunidades-de-proyectos-se-reunen-en-madrid-para-impulsar-su-caminar","name":"Unci\u00f3n, memoria y carisma: las comunidades de proyectos se re\u00fanen en Madrid para impulsar su caminar - Hermanas Oblatas","isPartOf":{"@id":"https:\/\/hermanasoblatas.org\/#website"},"primaryImageOfPage":{"@id":"https:\/\/hermanasoblatas.org\/pt-pt\/noticias-pt-pt\/uncion-memoria-y-carisma-las-comunidades-de-proyectos-se-reunen-en-madrid-para-impulsar-su-caminar#primaryimage"},"image":{"@id":"https:\/\/hermanasoblatas.org\/pt-pt\/noticias-pt-pt\/uncion-memoria-y-carisma-las-comunidades-de-proyectos-se-reunen-en-madrid-para-impulsar-su-caminar#primaryimage"},"thumbnailUrl":"https:\/\/hermanasoblatas.org\/wp-content\/uploads\/2026\/04\/683437906_957909947151095_7607213753742726690_n.jpg","datePublished":"2026-04-29T10:47:37+00:00","author":{"@id":"https:\/\/hermanasoblatas.org\/#\/schema\/person\/575a2ddad9df4c48d715a138f206ce09"},"description":"En estos d\u00edas de abril, las Hermanas Oblatas de las comunidades de proyectos de la Provincia Europa se han dado cita en Madrid.","breadcrumb":{"@id":"https:\/\/hermanasoblatas.org\/pt-pt\/noticias-pt-pt\/uncion-memoria-y-carisma-las-comunidades-de-proyectos-se-reunen-en-madrid-para-impulsar-su-caminar#breadcrumb"},"inLanguage":"pt-PT","potentialAction":[{"@type":"ReadAction","target":["https:\/\/hermanasoblatas.org\/pt-pt\/noticias-pt-pt\/uncion-memoria-y-carisma-las-comunidades-de-proyectos-se-reunen-en-madrid-para-impulsar-su-caminar"]}]},{"@type":"ImageObject","inLanguage":"pt-PT","@id":"https:\/\/hermanasoblatas.org\/pt-pt\/noticias-pt-pt\/uncion-memoria-y-carisma-las-comunidades-de-proyectos-se-reunen-en-madrid-para-impulsar-su-caminar#primaryimage","url":"https:\/\/hermanasoblatas.org\/wp-content\/uploads\/2026\/04\/683437906_957909947151095_7607213753742726690_n.jpg","contentUrl":"https:\/\/hermanasoblatas.org\/wp-content\/uploads\/2026\/04\/683437906_957909947151095_7607213753742726690_n.jpg","width":1703,"height":1183},{"@type":"BreadcrumbList","@id":"https:\/\/hermanasoblatas.org\/pt-pt\/noticias-pt-pt\/uncion-memoria-y-carisma-las-comunidades-de-proyectos-se-reunen-en-madrid-para-impulsar-su-caminar#breadcrumb","itemListElement":[{"@type":"ListItem","position":1,"name":"Home","item":"https:\/\/hermanasoblatas.org\/pt-pt"},{"@type":"ListItem","position":2,"name":"Unci\u00f3n, memoria y carisma: las comunidades de proyectos se re\u00fanen en Madrid para impulsar su caminar"}]},{"@type":"WebSite","@id":"https:\/\/hermanasoblatas.org\/#website","url":"https:\/\/hermanasoblatas.org\/","name":"Hermanas Oblatas","description":"Hermanas Oblatas del Sant\u00edsimo Redentor","potentialAction":[{"@type":"SearchAction","target":{"@type":"EntryPoint","urlTemplate":"https:\/\/hermanasoblatas.org\/?s={search_term_string}"},"query-input":{"@type":"PropertyValueSpecification","valueRequired":true,"valueName":"search_term_string"}}],"inLanguage":"pt-PT"},{"@type":"Person","@id":"https:\/\/hermanasoblatas.org\/#\/schema\/person\/575a2ddad9df4c48d715a138f206ce09","name":"admin","image":{"@type":"ImageObject","inLanguage":"pt-PT","@id":"https:\/\/secure.gravatar.com\/avatar\/c8707c819de8f87379e9ced2868678d9f2808775198756df55dfa3a005cab706?s=96&d=mm&r=g","url":"https:\/\/secure.gravatar.com\/avatar\/c8707c819de8f87379e9ced2868678d9f2808775198756df55dfa3a005cab706?s=96&d=mm&r=g","contentUrl":"https:\/\/secure.gravatar.com\/avatar\/c8707c819de8f87379e9ced2868678d9f2808775198756df55dfa3a005cab706?s=96&d=mm&r=g","caption":"admin"},"url":"https:\/\/hermanasoblatas.org\/pt-pt\/author\/admin"}]}},"_links":{"self":[{"href":"https:\/\/hermanasoblatas.org\/pt-pt\/wp-json\/wp\/v2\/posts\/22255","targetHints":{"allow":["GET"]}}],"collection":[{"href":"https:\/\/hermanasoblatas.org\/pt-pt\/wp-json\/wp\/v2\/posts"}],"about":[{"href":"https:\/\/hermanasoblatas.org\/pt-pt\/wp-json\/wp\/v2\/types\/post"}],"author":[{"embeddable":true,"href":"https:\/\/hermanasoblatas.org\/pt-pt\/wp-json\/wp\/v2\/users\/3"}],"replies":[{"embeddable":true,"href":"https:\/\/hermanasoblatas.org\/pt-pt\/wp-json\/wp\/v2\/comments?post=22255"}],"version-history":[{"count":1,"href":"https:\/\/hermanasoblatas.org\/pt-pt\/wp-json\/wp\/v2\/posts\/22255\/revisions"}],"predecessor-version":[{"id":22258,"href":"https:\/\/hermanasoblatas.org\/pt-pt\/wp-json\/wp\/v2\/posts\/22255\/revisions\/22258"}],"wp:featuredmedia":[{"embeddable":true,"href":"https:\/\/hermanasoblatas.org\/pt-pt\/wp-json\/wp\/v2\/media\/22251"}],"wp:attachment":[{"href":"https:\/\/hermanasoblatas.org\/pt-pt\/wp-json\/wp\/v2\/media?parent=22255"}],"wp:term":[{"taxonomy":"category","embeddable":true,"href":"https:\/\/hermanasoblatas.org\/pt-pt\/wp-json\/wp\/v2\/categories?post=22255"},{"taxonomy":"post_tag","embeddable":true,"href":"https:\/\/hermanasoblatas.org\/pt-pt\/wp-json\/wp\/v2\/tags?post=22255"}],"curies":[{"name":"wp","href":"https:\/\/api.w.org\/{rel}","templated":true}]}}